{"id":299,"date":"2022-04-29T19:03:02","date_gmt":"2022-04-29T17:03:02","guid":{"rendered":"https:\/\/www.alessandrafaraonioculista.it\/?p=299"},"modified":"2022-04-29T19:39:25","modified_gmt":"2022-04-29T17:39:25","slug":"incontro-sul-glaucoma","status":"publish","type":"post","link":"https:\/\/www.alessandrafaraonioculista.it\/?p=299","title":{"rendered":"INCONTRO SUL GLAUCOMA"},"content":{"rendered":"\n<p class=\"has-black-color has-white-background-color has-text-color has-background\">Posti Limitati! Contattare la Dott.ssa Faraoni se interessati, per riservare il posto.<\/p>\n\n\n\n<p class=\"has-black-color has-white-background-color has-text-color has-background\"><strong><u>IL GLAUCOMA: il ladro silenzioso della vista<\/u><\/strong><\/p>\n\n\n\n<p class=\"has-black-color has-white-background-color has-text-color has-background\"><strong>Mercoled\u00ec 25 maggio 2022<\/strong><strong><\/strong><\/p>\n\n\n\n<p class=\"has-black-color has-white-background-color has-text-color has-background\"><strong>ore 20:00<\/strong><strong><\/strong><\/p>\n","protected":false},"excerpt":{"rendered":"<p>Il GLAUCOMA \u00e8 una malattia silente, che purtroppo non d\u00e0 al paziente sintomi precoci particolari e, se non si esegue un controllo preventivo, pu\u00f2 rimanere misconosciuta per anni, fino a quando non compare un ipovisus marcato o, addirittura, la cecit\u00e0.<\/p>\n<p>Una serata interessante PER TUTTI in ottica di prevenzione e cura:<br \/>\n&#8211;\tper coloro che gi\u00e0 sanno di questa patologia e volessero approfondirne gli aspetti;<br \/>\n&#8211;\tper chi ancora non la conosce e vorrebbe saperne di pi\u00f9 al fine di prevenirne la comparsa.<\/p>\n<p>Vi aspettiamo in Farmacia AIELLO, mercoled\u00ec 25 maggio 2022 alle ore 20, per un incontro dedicato al glaucoma in compagnia della DOTT.SSA ALESSANDRA FARAONI, oculista di decennale esperienza e specialista nel settore.<\/p>\n","protected":false},"author":3,"featured_media":300,"comment_status":"open","ping_status":"open","sticky":true,"template":"","format":"standard","meta":{"footnotes":""},"categories":[5],"tags":[6,15],"class_list":["post-299","post","type-post","status-publish","format-standard","has-post-thumbnail","hentry","category-info","tag-glaucoma","tag-incontro"],"_links":{"self":[{"href":"https:\/\/www.alessandrafaraonioculista.it\/index.php?rest_route=\/wp\/v2\/posts\/299","targetHints":{"allow":["GET"]}}],"collection":[{"href":"https:\/\/www.alessandrafaraonioculista.it\/index.php?rest_route=\/wp\/v2\/posts"}],"about":[{"href":"https:\/\/www.alessandrafaraonioculista.it\/index.php?rest_route=\/wp\/v2\/types\/post"}],"author":[{"embeddable":true,"href":"https:\/\/www.alessandrafaraonioculista.it\/index.php?rest_route=\/wp\/v2\/users\/3"}],"replies":[{"embeddable":true,"href":"https:\/\/www.alessandrafaraonioculista.it\/index.php?rest_route=%2Fwp%2Fv2%2Fcomments&post=299"}],"version-history":[{"count":3,"href":"https:\/\/www.alessandrafaraonioculista.it\/index.php?rest_route=\/wp\/v2\/posts\/299\/revisions"}],"predecessor-version":[{"id":305,"href":"https:\/\/www.alessandrafaraonioculista.it\/index.php?rest_route=\/wp\/v2\/posts\/299\/revisions\/305"}],"wp:featuredmedia":[{"embeddable":true,"href":"https:\/\/www.alessandrafaraonioculista.it\/index.php?rest_route=\/wp\/v2\/media\/300"}],"wp:attachment":[{"href":"https:\/\/www.alessandrafaraonioculista.it\/index.php?rest_route=%2Fwp%2Fv2%2Fmedia&parent=299"}],"wp:term":[{"taxonomy":"category","embeddable":true,"href":"https:\/\/www.alessandrafaraonioculista.it\/index.php?rest_route=%2Fwp%2Fv2%2Fcategories&post=299"},{"taxonomy":"post_tag","embeddable":true,"href":"https:\/\/www.alessandrafaraonioculista.it\/index.php?rest_route=%2Fwp%2Fv2%2Ftags&post=299"}],"curies":[{"name":"wp","href":"https:\/\/api.w.org\/{rel}","templated":true}]}}